{"id":3677,"date":"2019-05-12T13:32:48","date_gmt":"2019-05-12T11:32:48","guid":{"rendered":"https:\/\/procirque.ch\/?p=3677"},"modified":"2019-05-12T13:55:38","modified_gmt":"2019-05-12T11:55:38","slug":"procirque-e-alla-ricerca-di-nuovi-membri-per-il-suo-comitato","status":"publish","type":"post","link":"https:\/\/procirque.ch\/it\/2019\/05\/procirque-e-alla-ricerca-di-nuovi-membri-per-il-suo-comitato\/","title":{"rendered":"ProCirque \u00e8 alla ricerca di nuovi membri per il suo comitato"},"content":{"rendered":"<h3 style=\"color: #4b7f52;\"><strong>Stiamo cercando uno o due nuovi membri per rafforzare il comitato ProCirque!<\/strong><\/h3>\n<p>Attualmente fanno parte del comitato 6 membri: Stefan Hort, Jennifer Skolovski, Roman M\u00fcller, Philipp Bo\u00eb, Nina Pign\u00e9 e Jonas Slanzi. Il comitato assicura il buon funzionamento dell&#8217;associazione ed \u00e8 responsabile della delega del mandato di coordinamento (mandato amministrativo e contabile al 5%). <strong>L&#8217;adesione al comitato ProCirque \u00e8 un impegno prezioso per la scena circense svizzera:<\/strong> un comitato impegnato e responsabile \u00e8 essenziale per un&#8217;associazione professionale dinamica come la nostra.<\/p>\n<p><strong>Questo \u00e8 ci\u00f2 che dovreste essere in grado di portare:<\/strong><\/p>\n<p>&#8211; un interesse per il networking nel panorama circense svizzero<br \/>\n&#8211; essere bilingue (italiano e tedesco o francese) \u00e8 un grande vantaggio, avere conoscenze di base \u00e8 necessario<br \/>\n&#8211; divertirsi e alcune capacit\u00e0 di comunicazione scritta e orale<br \/>\n&#8211; partecipare regolarmente a riunioni: circa 6 riunioni all&#8217;anno, tutto il giorno<br \/>\n&#8211; dare tempo per il lavoro individuale: almeno mezza giornata al mese<\/p>\n<p><strong>\u00c8 importante specificare:<\/strong><\/p>\n<p>&#8211; l&#8217;impegno non viene pagato, cio\u00e8 \u00e8 interamente volontario<br \/>\n&#8211; si entra in un comitato amichevole e dinamico<br \/>\n&#8211; il comitato prende sul serio la sua responsabilit\u00e0, pur sapendo come trovare piacere e buon umore<br \/>\n&#8211; c&#8217;\u00e8 una grande libert\u00e0 su come essere coinvolti per l&#8217;associazione!<\/p>\n<p><strong>Sei interessato alla missione e pensi di poter contribuire alla causa?<\/strong><br \/>\nContatta il comitato con una breve lettera di candidatura: <a href=\"mailto:info@procirque.ch\">info@procirque.ch<\/a> !<\/p>\n<figure id=\"attachment_3668\" aria-describedby=\"caption-attachment-3668\" style=\"width: 1356px\" class=\"wp-caption alignnone\"><img loading=\"lazy\" decoding=\"async\" class=\"wp-image-3668 size-full\" src=\"https:\/\/procirque.ch\/wp-content\/uploads\/2019\/05\/vorstand-ProCirque.jpg\" alt=\"\" width=\"1356\" height=\"906\" srcset=\"https:\/\/procirque.ch\/wp-content\/uploads\/2019\/05\/vorstand-ProCirque.jpg 1356w, https:\/\/procirque.ch\/wp-content\/uploads\/2019\/05\/vorstand-ProCirque-300x200.jpg 300w, https:\/\/procirque.ch\/wp-content\/uploads\/2019\/05\/vorstand-ProCirque-768x513.jpg 768w, https:\/\/procirque.ch\/wp-content\/uploads\/2019\/05\/vorstand-ProCirque-1024x684.jpg 1024w\" sizes=\"auto, (max-width: 1356px) 100vw, 1356px\" \/><figcaption id=\"caption-attachment-3668\" class=\"wp-caption-text\">Il comitato ProCirque (Jennifer Skolovski, Roman M\u00fcller, Stefan Hort, Jonas Slanzi, Philipp Bo\u00eb ; manca Nina Pign\u00e9)<\/figcaption><\/figure>\n","protected":false},"excerpt":{"rendered":"<div class=\"mh-excerpt\"><p>Stiamo cercando uno o due nuovi membri per rafforzare il comitato ProCirque! Attualmente fanno parte del comitato 6 membri: Stefan Hort, Jennifer Skolovski, Roman M\u00fcller, Philipp Bo\u00eb, Nina Pign\u00e9 e Jonas Slanzi. Il comitato assicura <a class=\"mh-excerpt-more\" href=\"https:\/\/procirque.ch\/it\/2019\/05\/procirque-e-alla-ricerca-di-nuovi-membri-per-il-suo-comitato\/\" title=\"ProCirque \u00e8 alla ricerca di nuovi membri per il suo comitato\">[&#8230;]<\/a><\/p>\n<\/div>","protected":false},"author":1,"featured_media":3669,"comment_status":"open","ping_status":"open","sticky":false,"template":"","format":"standard","meta":{"footnotes":""},"categories":[34,36],"tags":[144],"class_list":{"0":"post-3677","1":"post","2":"type-post","3":"status-publish","4":"format-standard","5":"has-post-thumbnail","7":"category-attualita-di-procirque","8":"category-bandi-di-concorso","9":"tag-comitato"},"_links":{"self":[{"href":"https:\/\/procirque.ch\/it\/wp-json\/wp\/v2\/posts\/3677\/"}],"collection":[{"href":"https:\/\/procirque.ch\/it\/wp-json\/wp\/v2\/posts\/"}],"about":[{"href":"https:\/\/procirque.ch\/it\/wp-json\/wp\/v2\/types\/post\/"}],"author":[{"embeddable":true,"href":"https:\/\/procirque.ch\/it\/wp-json\/wp\/v2\/users\/1\/"}],"replies":[{"embeddable":true,"href":"https:\/\/procirque.ch\/it\/wp-json\/wp\/v2\/comments\/?post=3677"}],"version-history":[{"count":1,"href":"https:\/\/procirque.ch\/it\/wp-json\/wp\/v2\/posts\/3677\/revisions\/"}],"predecessor-version":[{"id":3678,"href":"https:\/\/procirque.ch\/it\/wp-json\/wp\/v2\/posts\/3677\/revisions\/3678\/"}],"wp:featuredmedia":[{"embeddable":true,"href":"https:\/\/procirque.ch\/it\/wp-json\/wp\/v2\/media\/3669\/"}],"wp:attachment":[{"href":"https:\/\/procirque.ch\/it\/wp-json\/wp\/v2\/media\/?parent=3677"}],"wp:term":[{"taxonomy":"category","embeddable":true,"href":"https:\/\/procirque.ch\/it\/wp-json\/wp\/v2\/categories\/?post=3677"},{"taxonomy":"post_tag","embeddable":true,"href":"https:\/\/procirque.ch\/it\/wp-json\/wp\/v2\/tags\/?post=3677"}],"curies":[{"name":"wp","href":"https:\/\/api.w.org\/{rel}","templated":true}]}}