{"id":641,"date":"2014-06-25T12:33:05","date_gmt":"2014-06-25T10:33:05","guid":{"rendered":"https:\/\/www.procirque.ch\/?p=641"},"modified":"2024-03-02T12:57:26","modified_gmt":"2024-03-02T11:57:26","slug":"runder-tisch-gadjo-festival-2014","status":"publish","type":"post","link":"https:\/\/procirque.ch\/de\/2014\/06\/runder-tisch-gadjo-festival-2014\/","title":{"rendered":"Runder Tisch ProCirque | Gadjo Festival 2014"},"content":{"rendered":"<p><img loading=\"lazy\" decoding=\"async\" class=\"alignright size-medium wp-image-624\" src=\"https:\/\/www.procirque.ch\/wp-content\/uploads\/2014\/06\/gadjo2-300x300.png\" alt=\"gadjo2\" width=\"250\" height=\"250\" srcset=\"https:\/\/procirque.ch\/wp-content\/uploads\/2014\/06\/gadjo2-300x300.png 300w, https:\/\/procirque.ch\/wp-content\/uploads\/2014\/06\/gadjo2-150x150.png 150w, https:\/\/procirque.ch\/wp-content\/uploads\/2014\/06\/gadjo2.png 480w\" sizes=\"auto, (max-width: 250px) 100vw, 250px\" \/><strong>Gemeinsam mit den Organisatoren des n\u00e4chsten Gadjo Festivals \u2013 Festival f\u00fcr zeitgen\u00f6ssischen Zirkus in Winterthur \u2013 organisiert ProCirque einen runden Tisch zum Thema des zeitgen\u00f6ssischen Zirkus in unserem Land. An diesem Tag soll die M\u00f6glichkeit bestehen, sein berufliches Netzwerk zu verst\u00e4rken. Ein weiteres Thema ist die Verbesserung der Situation der Residenzen f\u00fcr Zirkusschaffenden in der Schweiz.<\/strong><\/p>\n<p>Alle Artisten, Zirkus- sowie Kulturschaffenden, die sich f\u00fcr die Zirkuskunst interessieren, sind herzlich eingeladen!<\/p>\n<p><span style=\"color: #c1272d;\"><strong>Programm des Treffens :<\/strong><\/span><br \/>\n<span style=\"color: #419c94;\"><strong>ab 13:30 Uhr<\/strong><\/span> : Empfang und Begr\u00fcssung<br \/>\n<span style=\"color: #419c94;\"><strong>14 Uhr<\/strong><\/span> : Diskussion und Reflexion in kleineren Gruppen,\u2028 um sein berufliches Netzwerk zu st\u00e4rken.<br \/>\n<span style=\"color: #419c94;\"><strong>15 Uhr<\/strong><\/span> : Runder Tisch zum Thema &#8222;<em>Wo steht der zeitgen\u00f6ssische Zirkus in der Kulturszene in der Schweiz? Was sind die Residenzen-M\u00f6glichkeiten?<\/em>&#8222;. Der runder Tisch wird von <strong>Philipp Bo\u00eb<\/strong> moderiert.<br \/>\n<span style=\"color: #419c94;\"><strong>ab 16 Uhr<\/strong><\/span> : Schlusswort und Aperitif<\/p>\n<p><span style=\"color: #c1272d;\"><strong>Praktischen Informationen : <\/strong><\/span><br \/>\n<img loading=\"lazy\" decoding=\"async\" class=\"alignright size-full wp-image-629\" src=\"https:\/\/www.procirque.ch\/wp-content\/uploads\/2014\/06\/480x320_gaswerk.jpg\" alt=\"480x320_gaswerk\" width=\"200\" height=\"150\" \/><span style=\"color: #419c94;\"><strong>Datum<\/strong><\/span> : Sonntag, den 14. September 2014<br \/>\n<span style=\"color: #419c94;\"><strong>Veranstalter<\/strong><\/span> : Gadjo Festival &amp; ProCirque<br \/>\n<span style=\"color: #419c94;\"><strong>Ort des Treffens<\/strong><\/span> : Kulturzentrum Gaswerk<br \/>\nUntere Sch\u00f6ntalstrasse 19 &#8211; 8406 Winterthur &#8211; Schweiz<br \/>\n<span style=\"color: #419c94;\"><strong>Anmeldung<\/strong><\/span> : Siehe bitte das Formular weiter unten<\/p>\n<p><strong>Die Anmeldung ist kostenlos und das Treffen ist f\u00fcr alle Zirkus- und Kulturschaffenden offen.<\/strong><\/p>\n<p><span style=\"color: #c1272d;\"><strong>Anmeldeformular : <\/strong><\/span><br \/>\nEs ist leider nicht mehr m\u00f6glich sich anzumelden.<\/p>\n","protected":false},"excerpt":{"rendered":"<div class=\"mh-excerpt\"><p>Gemeinsam mit den Organisatoren des n\u00e4chsten Gadjo Festivals \u2013 Festival f\u00fcr zeitgen\u00f6ssischen Zirkus in Winterthur \u2013 organisiert ProCirque einen runden Tisch zum Thema des zeitgen\u00f6ssischen Zirkus in unserem Land. An diesem Tag soll die M\u00f6glichkeit <a class=\"mh-excerpt-more\" href=\"https:\/\/procirque.ch\/de\/2014\/06\/runder-tisch-gadjo-festival-2014\/\" title=\"Runder Tisch ProCirque | Gadjo Festival 2014\">[&#8230;]<\/a><\/p>\n<\/div>","protected":false},"author":1,"featured_media":624,"comment_status":"closed","ping_status":"open","sticky":false,"template":"","format":"standard","meta":{"footnotes":""},"categories":[27,29],"tags":[61],"class_list":{"0":"post-641","1":"post","2":"type-post","3":"status-publish","4":"format-standard","5":"has-post-thumbnail","7":"category-news-von-procirque","8":"category-kalender","9":"tag-gadjo-festival"},"_links":{"self":[{"href":"https:\/\/procirque.ch\/de\/wp-json\/wp\/v2\/posts\/641\/"}],"collection":[{"href":"https:\/\/procirque.ch\/de\/wp-json\/wp\/v2\/posts\/"}],"about":[{"href":"https:\/\/procirque.ch\/de\/wp-json\/wp\/v2\/types\/post\/"}],"author":[{"embeddable":true,"href":"https:\/\/procirque.ch\/de\/wp-json\/wp\/v2\/users\/1\/"}],"replies":[{"embeddable":true,"href":"https:\/\/procirque.ch\/de\/wp-json\/wp\/v2\/comments\/?post=641"}],"version-history":[{"count":2,"href":"https:\/\/procirque.ch\/de\/wp-json\/wp\/v2\/posts\/641\/revisions\/"}],"predecessor-version":[{"id":5573,"href":"https:\/\/procirque.ch\/de\/wp-json\/wp\/v2\/posts\/641\/revisions\/5573\/"}],"wp:featuredmedia":[{"embeddable":true,"href":"https:\/\/procirque.ch\/de\/wp-json\/wp\/v2\/media\/624\/"}],"wp:attachment":[{"href":"https:\/\/procirque.ch\/de\/wp-json\/wp\/v2\/media\/?parent=641"}],"wp:term":[{"taxonomy":"category","embeddable":true,"href":"https:\/\/procirque.ch\/de\/wp-json\/wp\/v2\/categories\/?post=641"},{"taxonomy":"post_tag","embeddable":true,"href":"https:\/\/procirque.ch\/de\/wp-json\/wp\/v2\/tags\/?post=641"}],"curies":[{"name":"wp","href":"https:\/\/api.w.org\/{rel}","templated":true}]}}