{"id":5812,"date":"2025-02-14T19:34:47","date_gmt":"2025-02-14T18:34:47","guid":{"rendered":"https:\/\/procirque.ch\/?p=5812"},"modified":"2025-02-14T19:35:18","modified_gmt":"2025-02-14T18:35:18","slug":"oeffoeff-sucht-taenzer-mover-artist-m","status":"publish","type":"post","link":"https:\/\/procirque.ch\/de\/2025\/02\/oeffoeff-sucht-taenzer-mover-artist-m\/","title":{"rendered":"\u00f6ff\u00f6ff sucht: T\u00e4nzer\/Mover\/Artist (m)"},"content":{"rendered":"<p><img loading=\"lazy\" decoding=\"async\" class=\"alignleft wp-image-5813\" src=\"https:\/\/procirque.ch\/wp-content\/uploads\/2025\/02\/20230817-Einweihung-Anna-Seiler-Haus-009-screen.jpg\" alt=\"\" width=\"555\" height=\"370\" srcset=\"https:\/\/procirque.ch\/wp-content\/uploads\/2025\/02\/20230817-Einweihung-Anna-Seiler-Haus-009-screen.jpg 1024w, https:\/\/procirque.ch\/wp-content\/uploads\/2025\/02\/20230817-Einweihung-Anna-Seiler-Haus-009-screen-300x200.jpg 300w, https:\/\/procirque.ch\/wp-content\/uploads\/2025\/02\/20230817-Einweihung-Anna-Seiler-Haus-009-screen-768x512.jpg 768w\" sizes=\"auto, (max-width: 555px) 100vw, 555px\" \/><\/p>\n<p>&nbsp;<\/p>\n<p>&nbsp;<\/p>\n<p>&nbsp;<\/p>\n<p>&nbsp;<\/p>\n<p>&nbsp;<\/p>\n<p>&nbsp;<\/p>\n<p>&nbsp;<\/p>\n<p>&nbsp;<\/p>\n<p>&nbsp;<\/p>\n<p>&nbsp;<\/p>\n<p>\u00f6ff \u00f6ff is looking for one professional male dancer, acrobat, circus artist\u2026 with acrobatic floor<br \/>\nskills, a high level in improvisation and developed artistry for an outdoor project in Bern,<br \/>\nSwitzerland in summer 2025. Handstand abilities welcome.<\/p>\n<p>&nbsp;<\/p>\n<p>For more information: <a href=\"https:\/\/procirque.ch\/wp-content\/uploads\/2025\/02\/offoff_audition-INSEKTEN.pdf\">o\u0308ffo\u0308ff_audition-INSEKTEN<\/a><\/p>\n","protected":false},"excerpt":{"rendered":"<div class=\"mh-excerpt\"><p>&nbsp; &nbsp; &nbsp; &nbsp; &nbsp; &nbsp; &nbsp; &nbsp; &nbsp; &nbsp; \u00f6ff \u00f6ff is looking for one professional male dancer, acrobat, circus artist\u2026 with acrobatic floor skills, a high level in improvisation and developed artistry for <a class=\"mh-excerpt-more\" href=\"https:\/\/procirque.ch\/de\/2025\/02\/oeffoeff-sucht-taenzer-mover-artist-m\/\" title=\"\u00f6ff\u00f6ff sucht: T\u00e4nzer\/Mover\/Artist (m)\">[&#8230;]<\/a><\/p>\n<\/div>","protected":false},"author":8,"featured_media":5813,"comment_status":"open","ping_status":"open","sticky":false,"template":"","format":"standard","meta":{"footnotes":""},"categories":[28,23,30],"tags":[],"class_list":{"0":"post-5812","1":"post","2":"type-post","3":"status-publish","4":"format-standard","5":"has-post-thumbnail","7":"category-news-der-mitglieder","8":"category-ausschreibungen","9":"category-kleinanzeigen"},"_links":{"self":[{"href":"https:\/\/procirque.ch\/de\/wp-json\/wp\/v2\/posts\/5812\/"}],"collection":[{"href":"https:\/\/procirque.ch\/de\/wp-json\/wp\/v2\/posts\/"}],"about":[{"href":"https:\/\/procirque.ch\/de\/wp-json\/wp\/v2\/types\/post\/"}],"author":[{"embeddable":true,"href":"https:\/\/procirque.ch\/de\/wp-json\/wp\/v2\/users\/8\/"}],"replies":[{"embeddable":true,"href":"https:\/\/procirque.ch\/de\/wp-json\/wp\/v2\/comments\/?post=5812"}],"version-history":[{"count":1,"href":"https:\/\/procirque.ch\/de\/wp-json\/wp\/v2\/posts\/5812\/revisions\/"}],"predecessor-version":[{"id":5819,"href":"https:\/\/procirque.ch\/de\/wp-json\/wp\/v2\/posts\/5812\/revisions\/5819\/"}],"wp:featuredmedia":[{"embeddable":true,"href":"https:\/\/procirque.ch\/de\/wp-json\/wp\/v2\/media\/5813\/"}],"wp:attachment":[{"href":"https:\/\/procirque.ch\/de\/wp-json\/wp\/v2\/media\/?parent=5812"}],"wp:term":[{"taxonomy":"category","embeddable":true,"href":"https:\/\/procirque.ch\/de\/wp-json\/wp\/v2\/categories\/?post=5812"},{"taxonomy":"post_tag","embeddable":true,"href":"https:\/\/procirque.ch\/de\/wp-json\/wp\/v2\/tags\/?post=5812"}],"curies":[{"name":"wp","href":"https:\/\/api.w.org\/{rel}","templated":true}]}}