{"id":3626,"date":"2019-03-31T08:39:39","date_gmt":"2019-03-31T06:39:39","guid":{"rendered":"https:\/\/procirque.ch\/?p=3626"},"modified":"2019-03-31T08:45:33","modified_gmt":"2019-03-31T06:45:33","slug":"procirque-apero-treffen","status":"publish","type":"post","link":"https:\/\/procirque.ch\/de\/2019\/03\/procirque-apero-treffen\/","title":{"rendered":"ProCirque Ap\u00e9ro-Treffen"},"content":{"rendered":"<p style=\"text-align: left;\">Wie auf der letzten GV angek\u00fcndigt laden wir Euch hiermit herzlich zum ersten Ap\u00e9ro-Treffen mit dem Vorstand ein. Das Treffen findet<\/p>\n<p style=\"text-align: center; color: #c1272d;\"><strong>am Donnerstag, dem 25. April 2019 um 17 Uhr im Zirkusquartier in Z\u00fcrich statt.<\/strong><\/p>\n<p>Somit sind die T\u00fcren f\u00fcr die Mitglieder f\u00fcr ein ungezwungenes Zusammensitzen und Diskutieren ge\u00f6ffnet. Wir feuen uns auf Euer Kommen!<\/p>\n<p>N\u00e4chstes Treffen\u00a0: Dienstag 25. Juni in Genf<\/p>\n<p><img loading=\"lazy\" decoding=\"async\" class=\"alignnone size-full wp-image-3616\" src=\"https:\/\/procirque.ch\/wp-content\/uploads\/2019\/03\/apero-treffen-procirque.jpg\" alt=\"\" width=\"1500\" height=\"800\" srcset=\"https:\/\/procirque.ch\/wp-content\/uploads\/2019\/03\/apero-treffen-procirque.jpg 1500w, https:\/\/procirque.ch\/wp-content\/uploads\/2019\/03\/apero-treffen-procirque-300x160.jpg 300w, https:\/\/procirque.ch\/wp-content\/uploads\/2019\/03\/apero-treffen-procirque-768x410.jpg 768w, https:\/\/procirque.ch\/wp-content\/uploads\/2019\/03\/apero-treffen-procirque-1024x546.jpg 1024w\" sizes=\"auto, (max-width: 1500px) 100vw, 1500px\" \/><\/p>\n","protected":false},"excerpt":{"rendered":"<div class=\"mh-excerpt\"><p>Wie auf der letzten GV angek\u00fcndigt laden wir Euch hiermit herzlich zum ersten Ap\u00e9ro-Treffen mit dem Vorstand ein. Das Treffen findet am Donnerstag, dem 25. April 2019 um 17 Uhr im Zirkusquartier in Z\u00fcrich statt. <a class=\"mh-excerpt-more\" href=\"https:\/\/procirque.ch\/de\/2019\/03\/procirque-apero-treffen\/\" title=\"ProCirque Ap\u00e9ro-Treffen\">[&#8230;]<\/a><\/p>\n<\/div>","protected":false},"author":1,"featured_media":3617,"comment_status":"open","ping_status":"open","sticky":false,"template":"","format":"standard","meta":{"footnotes":""},"categories":[27,29],"tags":[141,143],"class_list":{"0":"post-3626","1":"post","2":"type-post","3":"status-publish","4":"format-standard","5":"has-post-thumbnail","7":"category-news-von-procirque","8":"category-kalender","9":"tag-apero-de","10":"tag-vorstand"},"_links":{"self":[{"href":"https:\/\/procirque.ch\/de\/wp-json\/wp\/v2\/posts\/3626\/"}],"collection":[{"href":"https:\/\/procirque.ch\/de\/wp-json\/wp\/v2\/posts\/"}],"about":[{"href":"https:\/\/procirque.ch\/de\/wp-json\/wp\/v2\/types\/post\/"}],"author":[{"embeddable":true,"href":"https:\/\/procirque.ch\/de\/wp-json\/wp\/v2\/users\/1\/"}],"replies":[{"embeddable":true,"href":"https:\/\/procirque.ch\/de\/wp-json\/wp\/v2\/comments\/?post=3626"}],"version-history":[{"count":1,"href":"https:\/\/procirque.ch\/de\/wp-json\/wp\/v2\/posts\/3626\/revisions\/"}],"predecessor-version":[{"id":3627,"href":"https:\/\/procirque.ch\/de\/wp-json\/wp\/v2\/posts\/3626\/revisions\/3627\/"}],"wp:featuredmedia":[{"embeddable":true,"href":"https:\/\/procirque.ch\/de\/wp-json\/wp\/v2\/media\/3617\/"}],"wp:attachment":[{"href":"https:\/\/procirque.ch\/de\/wp-json\/wp\/v2\/media\/?parent=3626"}],"wp:term":[{"taxonomy":"category","embeddable":true,"href":"https:\/\/procirque.ch\/de\/wp-json\/wp\/v2\/categories\/?post=3626"},{"taxonomy":"post_tag","embeddable":true,"href":"https:\/\/procirque.ch\/de\/wp-json\/wp\/v2\/tags\/?post=3626"}],"curies":[{"name":"wp","href":"https:\/\/api.w.org\/{rel}","templated":true}]}}