{"id":3255,"date":"2018-05-04T18:06:40","date_gmt":"2018-05-04T16:06:40","guid":{"rendered":"https:\/\/procirque.ch\/?p=3255"},"modified":"2018-05-04T18:12:23","modified_gmt":"2018-05-04T16:12:23","slug":"procirque-sucht-sekretaer-in","status":"publish","type":"post","link":"https:\/\/procirque.ch\/de\/2018\/05\/procirque-sucht-sekretaer-in\/","title":{"rendered":"ProCirque sucht seinen\/er Sekret\u00e4r\/in !"},"content":{"rendered":"<h3 style=\"text-align: center;\"><span style=\"color: #c1272d;\"><strong>Stellenangebot<\/strong><\/span><\/h3>\n<h2 style=\"text-align: center;\"><strong>ProCirque sucht seinen\/er Sekret\u00e4r\/in !<\/strong> (5%)<\/h2>\n<p><strong><a href=\"https:\/\/www.procirque.ch\">ProCirque<\/a> ist der schweizerischer Berufsverband der Zirkusschaffenden. Als nationale Plattform fungiert er als Ansprechpartner, Drehscheibe und Sprachrohr f\u00fcr den Zirkus in der Schweiz und seine Anerkennung. ProCirque hat ca. 200 Mitglieder aus allen Landesteilen und funktioniert mehrsprachig.<\/strong><\/p>\n<h3 style=\"color: #4b7f52;\"><strong>Ihre Mission:<\/strong><\/h3>\n<p>Ausf\u00fchren regelm\u00e4\u00dfiger administrativer Aufgaben, um das ordnungsgem\u00e4\u00dfe Funktionieren des Verbandes zu gew\u00e4hrleisten, einschlie\u00dflich der Buchhaltung und Verwaltung der Mitglieder.<\/p>\n<h3 style=\"color: #4b7f52;\"><strong>Wir bieten Ihnen:<\/strong><\/h3>\n<p>Ein Jahres-Mandat (erneuerbar) f\u00fcr eine Arbeitszeit von 5% verteilt \u00fcber das Jahr, in einem stimulierenden Kontext! Je nach Projekt ist eine punktuelle Erh\u00f6hung des Pensums m\u00f6glich (gegen Bezahlung, versteht sich von selbst). Ihr Gehalt entspricht den Kriterien des CTC. Die Arbeitszeiten sind flexibel und die Arbeit wird haupts\u00e4chlich als Heimarbeit erledigt.<\/p>\n<h3 style=\"color: #4b7f52;\"><strong>Ihr Profil:<\/strong><\/h3>\n<p>Vous \u00eates parfaitement bilingue (gute Italienisch und Englischkenntnisse sind ein Vorteil) und Sie sind motiviert, sich f\u00fcr die Zirkuskunst in der Schweiz zu engagieren. Wir suchen jemanden mit Berufserfahrung auf dem Gebiet der Kulturverwaltung. Dar\u00fcber hinaus erkl\u00e4ren Sie sich bereit, einige Stunden an den Sitzungen des Verbandes teilzunehmen (6-7x pro Jahr).<\/p>\n<p><strong>Bitte senden Sie Ihre Bewerbung mit Motivations-schreiben und Lebenslauf <span style=\"color: #c1272d;\">bis zum 31. Mai 2018<\/span> an: <a href=\"mailto:info@procirque.ch\">info@procirque.ch<\/a> (senden Sie die E-Mail an Nina Pign\u00e9).<\/strong><\/p>\n<p>F\u00fcr jede andere Frage, z\u00f6gern Sie nicht, uns per E-Mail oder Nina Pign\u00e9 unter 079 421 20 77 zu kontaktieren.<br \/>\nWir freuen uns auf Ihre Kandidatur!<\/p>\n<p>Vorstand ProCirque<\/p>\n","protected":false},"excerpt":{"rendered":"<div class=\"mh-excerpt\"><p>Stellenangebot ProCirque sucht seinen\/er Sekret\u00e4r\/in ! (5%) ProCirque ist der schweizerischer Berufsverband der Zirkusschaffenden. Als nationale Plattform fungiert er als Ansprechpartner, Drehscheibe und Sprachrohr f\u00fcr den Zirkus in der Schweiz und seine Anerkennung. ProCirque hat <a class=\"mh-excerpt-more\" href=\"https:\/\/procirque.ch\/de\/2018\/05\/procirque-sucht-sekretaer-in\/\" title=\"ProCirque sucht seinen\/er Sekret\u00e4r\/in !\">[&#8230;]<\/a><\/p>\n<\/div>","protected":false},"author":1,"featured_media":3252,"comment_status":"open","ping_status":"open","sticky":false,"template":"","format":"standard","meta":{"footnotes":""},"categories":[27,23,30],"tags":[],"class_list":{"0":"post-3255","1":"post","2":"type-post","3":"status-publish","4":"format-standard","5":"has-post-thumbnail","7":"category-news-von-procirque","8":"category-ausschreibungen","9":"category-kleinanzeigen"},"_links":{"self":[{"href":"https:\/\/procirque.ch\/de\/wp-json\/wp\/v2\/posts\/3255\/"}],"collection":[{"href":"https:\/\/procirque.ch\/de\/wp-json\/wp\/v2\/posts\/"}],"about":[{"href":"https:\/\/procirque.ch\/de\/wp-json\/wp\/v2\/types\/post\/"}],"author":[{"embeddable":true,"href":"https:\/\/procirque.ch\/de\/wp-json\/wp\/v2\/users\/1\/"}],"replies":[{"embeddable":true,"href":"https:\/\/procirque.ch\/de\/wp-json\/wp\/v2\/comments\/?post=3255"}],"version-history":[{"count":1,"href":"https:\/\/procirque.ch\/de\/wp-json\/wp\/v2\/posts\/3255\/revisions\/"}],"predecessor-version":[{"id":3256,"href":"https:\/\/procirque.ch\/de\/wp-json\/wp\/v2\/posts\/3255\/revisions\/3256\/"}],"wp:featuredmedia":[{"embeddable":true,"href":"https:\/\/procirque.ch\/de\/wp-json\/wp\/v2\/media\/3252\/"}],"wp:attachment":[{"href":"https:\/\/procirque.ch\/de\/wp-json\/wp\/v2\/media\/?parent=3255"}],"wp:term":[{"taxonomy":"category","embeddable":true,"href":"https:\/\/procirque.ch\/de\/wp-json\/wp\/v2\/categories\/?post=3255"},{"taxonomy":"post_tag","embeddable":true,"href":"https:\/\/procirque.ch\/de\/wp-json\/wp\/v2\/tags\/?post=3255"}],"curies":[{"name":"wp","href":"https:\/\/api.w.org\/{rel}","templated":true}]}}