{"id":3139,"date":"2018-01-22T13:26:54","date_gmt":"2018-01-22T12:26:54","guid":{"rendered":"https:\/\/procirque.ch\/?p=3139"},"modified":"2018-02-01T13:27:08","modified_gmt":"2018-02-01T12:27:08","slug":"podiumsgespraech-und-auffuehrung-zeitgenoessischer-zirkus","status":"publish","type":"post","link":"https:\/\/procirque.ch\/de\/2018\/01\/podiumsgespraech-und-auffuehrung-zeitgenoessischer-zirkus\/","title":{"rendered":"Podiumsgespr\u00e4ch und Auff\u00fchrung zeitgen\u00f6ssischer Zirkus"},"content":{"rendered":"<p>Am 21.01.2018 hat ein Podiumgespr\u00e4ch in Brig stattgefunden. Das Gespr\u00e4ch zum Thema \u00ab K\u00f6rpertechniken und K\u00fcnstlerischer Ausdruck als Herausforderung im Kreativprozess \u00bb wurde von ProCirque und die Compagnie Digestif organisiert.<\/p>\n<p>Mit der Beteiligung von u.a. <strong>Roberto Fratini Serafide<\/strong> (Tanztheoretiker und K\u00fcnstler, Barcelone), <strong>Robert Diaz<\/strong> (prof. Zirkusschaffender, Master Accademia Teatro Dimitri, Verscio\/TI) und <strong>Armand Delado\u00eby<\/strong> (Schauspieler, T\u00e4nzer und Regisseur).<\/p>\n<p>Wann : am 21. Januar um 14.30 Uhr.<br \/>\nWo : ZeughausKultur, Gliserallee 91, 3902 Brig-Glis<\/p>\n\n","protected":false},"excerpt":{"rendered":"<div class=\"mh-excerpt\"><p>Am 21.01.2018 hat ein Podiumgespr\u00e4ch in Brig stattgefunden. Das Gespr\u00e4ch zum Thema \u00ab K\u00f6rpertechniken und K\u00fcnstlerischer Ausdruck als Herausforderung im Kreativprozess \u00bb wurde von ProCirque und die Compagnie Digestif organisiert. Mit der Beteiligung von u.a. <a class=\"mh-excerpt-more\" href=\"https:\/\/procirque.ch\/de\/2018\/01\/podiumsgespraech-und-auffuehrung-zeitgenoessischer-zirkus\/\" title=\"Podiumsgespr\u00e4ch und Auff\u00fchrung zeitgen\u00f6ssischer Zirkus\">[&#8230;]<\/a><\/p>\n<\/div>","protected":false},"author":1,"featured_media":3135,"comment_status":"open","ping_status":"open","sticky":false,"template":"","format":"standard","meta":{"footnotes":""},"categories":[27,29],"tags":[],"class_list":{"0":"post-3139","1":"post","2":"type-post","3":"status-publish","4":"format-standard","5":"has-post-thumbnail","7":"category-news-von-procirque","8":"category-kalender"},"_links":{"self":[{"href":"https:\/\/procirque.ch\/de\/wp-json\/wp\/v2\/posts\/3139\/"}],"collection":[{"href":"https:\/\/procirque.ch\/de\/wp-json\/wp\/v2\/posts\/"}],"about":[{"href":"https:\/\/procirque.ch\/de\/wp-json\/wp\/v2\/types\/post\/"}],"author":[{"embeddable":true,"href":"https:\/\/procirque.ch\/de\/wp-json\/wp\/v2\/users\/1\/"}],"replies":[{"embeddable":true,"href":"https:\/\/procirque.ch\/de\/wp-json\/wp\/v2\/comments\/?post=3139"}],"version-history":[{"count":1,"href":"https:\/\/procirque.ch\/de\/wp-json\/wp\/v2\/posts\/3139\/revisions\/"}],"predecessor-version":[{"id":3140,"href":"https:\/\/procirque.ch\/de\/wp-json\/wp\/v2\/posts\/3139\/revisions\/3140\/"}],"wp:featuredmedia":[{"embeddable":true,"href":"https:\/\/procirque.ch\/de\/wp-json\/wp\/v2\/media\/3135\/"}],"wp:attachment":[{"href":"https:\/\/procirque.ch\/de\/wp-json\/wp\/v2\/media\/?parent=3139"}],"wp:term":[{"taxonomy":"category","embeddable":true,"href":"https:\/\/procirque.ch\/de\/wp-json\/wp\/v2\/categories\/?post=3139"},{"taxonomy":"post_tag","embeddable":true,"href":"https:\/\/procirque.ch\/de\/wp-json\/wp\/v2\/tags\/?post=3139"}],"curies":[{"name":"wp","href":"https:\/\/api.w.org\/{rel}","templated":true}]}}