{"id":3042,"date":"2017-09-14T09:19:57","date_gmt":"2017-09-14T07:19:57","guid":{"rendered":"https:\/\/procirque.ch\/?p=3042"},"modified":"2017-09-14T09:22:08","modified_gmt":"2017-09-14T07:22:08","slug":"das-opernhaus-zuerich-sucht-akrobaten","status":"publish","type":"post","link":"https:\/\/procirque.ch\/de\/2017\/09\/das-opernhaus-zuerich-sucht-akrobaten\/","title":{"rendered":"Das Opernhaus Z\u00fcrich sucht Akrobaten"},"content":{"rendered":"<p><a href=\"http:\/\/www.opernhaus.ch\/\"><img loading=\"lazy\" decoding=\"async\" class=\"wp-image-3043 size-full alignnone\" src=\"https:\/\/procirque.ch\/wp-content\/uploads\/2017\/09\/logo-opernhaus.jpg\" alt=\"\" width=\"600\" height=\"400\" srcset=\"https:\/\/procirque.ch\/wp-content\/uploads\/2017\/09\/logo-opernhaus.jpg 600w, https:\/\/procirque.ch\/wp-content\/uploads\/2017\/09\/logo-opernhaus-300x200.jpg 300w\" sizes=\"auto, (max-width: 600px) 100vw, 600px\" \/><\/a><\/p>\n<p>F\u00fcr die Neuproduktion <em>RONJA R\u00c4UBERTOCHTER<\/em> (Musik: J\u00f6rn Arnecke, Regie: Marie-Eve Signeyrole, Musikalische Leitung: Carrie-Ann Matheson), das Opernhaus Z\u00fcrich sucht :<\/p>\n<p style=\"text-align: center;\"><strong>8 Akrobaten<br \/>\n<\/strong>(4 Frauen und 4 M\u00e4nner)<\/p>\n<p><strong>Opernhaus Z\u00fcrich<\/strong><br \/>\nMittwoch, 20. September 2017, 18 Uhr<\/p>\n<p>Die acht Akrobaten sollen \u00e4ltere Teenager darstellen, die folgende F\u00e4higkeiten anbieten k\u00f6nnen: Bewegung, Tanz, im Handstand gehen, Kopf\u00fcber h\u00e4ngen, keine H\u00f6henangst, Schauspiel, Mimik, Witz.<\/p>\n<p>Die Akrobaten w\u00e4ren ab Probenbeginn am 9. Oktober 2017 bis zur Generalprobe am 16. November 2017 Vollzeit engagiert. Dies sind die Endproben und Vorstellungen von Ronja R\u00e4ubertochter:<\/p>\n<p>Endproben<br \/>\nMi. 08.11.2017 18:00-22:00 KHP<br \/>\nDo. 09.11.2017 10:00-13:00 BO 1<br \/>\nFr. 10.11.2017 10:00-13:00 BO 2<br \/>\nDi. 14.11.2017 10:00-13:00 BO 3<br \/>\nMi. 15.11.2017 11:00-15:00 HPO<br \/>\nDo. 16.11.2017 11:00-14:15 GP<\/p>\n<p>Die Proben und Auftritte werden gem\u00e4ss Aufwand verg\u00fctet.<\/p>\n<p>Anmeldung zum Casting (Voraussetzung: g\u00fcltige Arbeitsbewilligung) inkl. CV bitte elektronisch an:<\/p>\n<p><strong>Marie-Th\u00e9r\u00e8se Albert<\/strong><br \/>\n+41 44 268 64 44<br \/>\n<a href=\"mailto:marie-therese.albert@opernhaus.ch\"> marie-therese.albert@opernhaus.ch<br \/>\n<\/a><a href=\"http:\/\/www.opernhaus.ch\/kiosk\/stellen\/\">http:\/\/www.opernhaus.ch\/kiosk\/stellen\/<\/a><\/p>\n","protected":false},"excerpt":{"rendered":"<div class=\"mh-excerpt\"><p>F\u00fcr die Neuproduktion RONJA R\u00c4UBERTOCHTER (Musik: J\u00f6rn Arnecke, Regie: Marie-Eve Signeyrole, Musikalische Leitung: Carrie-Ann Matheson), das Opernhaus Z\u00fcrich sucht : 8 Akrobaten (4 Frauen und 4 M\u00e4nner) Opernhaus Z\u00fcrich Mittwoch, 20. September 2017, 18 Uhr <a class=\"mh-excerpt-more\" href=\"https:\/\/procirque.ch\/de\/2017\/09\/das-opernhaus-zuerich-sucht-akrobaten\/\" title=\"Das Opernhaus Z\u00fcrich sucht Akrobaten\">[&#8230;]<\/a><\/p>\n<\/div>","protected":false},"author":1,"featured_media":3043,"comment_status":"open","ping_status":"open","sticky":false,"template":"","format":"standard","meta":{"footnotes":""},"categories":[23,30],"tags":[100],"class_list":{"0":"post-3042","1":"post","2":"type-post","3":"status-publish","4":"format-standard","5":"has-post-thumbnail","7":"category-ausschreibungen","8":"category-kleinanzeigen","9":"tag-opernhaus-zuerich"},"_links":{"self":[{"href":"https:\/\/procirque.ch\/de\/wp-json\/wp\/v2\/posts\/3042\/"}],"collection":[{"href":"https:\/\/procirque.ch\/de\/wp-json\/wp\/v2\/posts\/"}],"about":[{"href":"https:\/\/procirque.ch\/de\/wp-json\/wp\/v2\/types\/post\/"}],"author":[{"embeddable":true,"href":"https:\/\/procirque.ch\/de\/wp-json\/wp\/v2\/users\/1\/"}],"replies":[{"embeddable":true,"href":"https:\/\/procirque.ch\/de\/wp-json\/wp\/v2\/comments\/?post=3042"}],"version-history":[{"count":3,"href":"https:\/\/procirque.ch\/de\/wp-json\/wp\/v2\/posts\/3042\/revisions\/"}],"predecessor-version":[{"id":3046,"href":"https:\/\/procirque.ch\/de\/wp-json\/wp\/v2\/posts\/3042\/revisions\/3046\/"}],"wp:featuredmedia":[{"embeddable":true,"href":"https:\/\/procirque.ch\/de\/wp-json\/wp\/v2\/media\/3043\/"}],"wp:attachment":[{"href":"https:\/\/procirque.ch\/de\/wp-json\/wp\/v2\/media\/?parent=3042"}],"wp:term":[{"taxonomy":"category","embeddable":true,"href":"https:\/\/procirque.ch\/de\/wp-json\/wp\/v2\/categories\/?post=3042"},{"taxonomy":"post_tag","embeddable":true,"href":"https:\/\/procirque.ch\/de\/wp-json\/wp\/v2\/tags\/?post=3042"}],"curies":[{"name":"wp","href":"https:\/\/api.w.org\/{rel}","templated":true}]}}