{"id":1142,"date":"2017-03-06T15:51:04","date_gmt":"2017-03-06T14:51:04","guid":{"rendered":"https:\/\/www.procirque.ch\/?p=1142"},"modified":"2017-07-11T08:33:58","modified_gmt":"2017-07-11T06:33:58","slug":"generalversammlung-2017","status":"publish","type":"post","link":"https:\/\/procirque.ch\/de\/2017\/03\/generalversammlung-2017\/","title":{"rendered":"Generalversammlung 2017"},"content":{"rendered":"<p><img loading=\"lazy\" decoding=\"async\" class=\"aligncenter size-full wp-image-1140\" src=\"https:\/\/www.procirque.ch\/wp-content\/uploads\/2017\/03\/ag-2017-1.png\" alt=\"\" width=\"1214\" height=\"457\" srcset=\"https:\/\/procirque.ch\/wp-content\/uploads\/2017\/03\/ag-2017-1.png 1214w, https:\/\/procirque.ch\/wp-content\/uploads\/2017\/03\/ag-2017-1-300x113.png 300w, https:\/\/procirque.ch\/wp-content\/uploads\/2017\/03\/ag-2017-1-768x289.png 768w, https:\/\/procirque.ch\/wp-content\/uploads\/2017\/03\/ag-2017-1-1024x385.png 1024w\" sizes=\"auto, (max-width: 1214px) 100vw, 1214px\" \/><\/p>\n<p>Wir laden euch zur Generalversammlung von ProCirque ein, welche am :<\/p>\n<h3><span style=\"color: #ff0000;\">Samstag, 1. April 2017 von 14.30 Uhr bis 16 Uhr<\/span><\/h3>\n<p><strong>in der \u00ab Ecole de commerce \u00bb in 1870 Monthey, Avenue de France 4 stattfinden wird.<\/strong> (<a href=\"https:\/\/goo.gl\/maps\/re2XKAM9ztj\">Google Maps<\/a>).<\/p>\n<p>Nach unserer Versammlung seid ihr eingeladen an den Festlichkeiten des 10-j\u00e4hrigen Jubil\u00e4ums des Verbands Schweizerischer Zirkusschulen (<a href=\"https:\/\/www.ecolesdecirque.ch\/\" target=\"_blank\" rel=\"noopener noreferrer\">VSZS<\/a>) im \u00ab <a href=\"http:\/\/www.crochetan.ch\/\" target=\"_blank\" rel=\"noopener noreferrer\">Th\u00e9\u00e2tre du Crochetan<\/a> \u00bb teilzunehmen.<\/p>\n<ul>\n<li>Um 16.30 Uhr kommt ihr in den Genuss die \u00ab Gala der Zirkusschulen \u00bb zu besuchen, welche an die 20 Auftritte umfasst, dargeboten von Sch\u00fclern aus verschiedenen Zirkusschulen der Schweiz. Dieser Anlass ist eine einzigartige Gelegenheit die Zirkusk\u00fcnste zu entdecken und dabei die Nachwuchsk\u00fcnstler, unsere Stars von morgen, kennenzulernen.<\/li>\n<li>Um 18.30 Uhr d\u00fcrft ihr euch am grossen Geburtstagsbuffet laben und dabei Bekanntschaft mit Zirkusschaffende und geladenen G\u00e4sten, die international in der Zirkusbranche t\u00e4tig sind, zu schliessen.<\/li>\n<li>Um 20.30 Uhr findet das Projekt &#8222;Impro Cirque&#8220; statt, welches von der Kanadischen Truppe <a href=\"http:\/\/www.improcirque.com\/\" target=\"_blank\" rel=\"noopener noreferrer\"><em>Les Improduits<\/em><\/a> getragen wird. Zehn professionelle Zirkusschaffende aus der Schweiz werden sich auf der B\u00fchne gegen\u00fcbertreten und sich in einem Impro-Match messen. Eine Darbietung, die ihr euch auf keinen Fall entgehen lassen solltet !<\/li>\n<\/ul>\n<p><strong> Programm \u2013 \u00dcbersicht :<\/strong><br \/>\n14.30-16.00 Uhr : Generalversammlung ProCirque (Eintritt frei)<br \/>\n16.30-18.30 Uhr : Gala der Zirkusschulen (Spezialpreis f\u00fcr ProCirque Mitglieder: 10.-)<br \/>\n18.30-20.00 Uhr : Geburtstags-Buffet (Spezialpreis f\u00fcr ProCirque Mitglieder: 10.-)<br \/>\n20.30 Uhr : Impro Cirque Pro (Spezialpreis f\u00fcr ProCirque Mitglieder: 15.-)<\/p>\n","protected":false},"excerpt":{"rendered":"<div class=\"mh-excerpt\"><p>Wir laden euch zur Generalversammlung von ProCirque ein, welche am : Samstag, 1. April 2017 von 14.30 Uhr bis 16 Uhr in der \u00ab Ecole de commerce \u00bb in 1870 Monthey, Avenue de France 4 <a class=\"mh-excerpt-more\" href=\"https:\/\/procirque.ch\/de\/2017\/03\/generalversammlung-2017\/\" title=\"Generalversammlung 2017\">[&#8230;]<\/a><\/p>\n<\/div>","protected":false},"author":1,"featured_media":1140,"comment_status":"open","ping_status":"open","sticky":false,"template":"","format":"standard","meta":{"footnotes":""},"categories":[27,29],"tags":[106],"class_list":{"0":"post-1142","1":"post","2":"type-post","3":"status-publish","4":"format-standard","5":"has-post-thumbnail","7":"category-news-von-procirque","8":"category-kalender","9":"tag-gv-generalversammlung"},"_links":{"self":[{"href":"https:\/\/procirque.ch\/de\/wp-json\/wp\/v2\/posts\/1142\/"}],"collection":[{"href":"https:\/\/procirque.ch\/de\/wp-json\/wp\/v2\/posts\/"}],"about":[{"href":"https:\/\/procirque.ch\/de\/wp-json\/wp\/v2\/types\/post\/"}],"author":[{"embeddable":true,"href":"https:\/\/procirque.ch\/de\/wp-json\/wp\/v2\/users\/1\/"}],"replies":[{"embeddable":true,"href":"https:\/\/procirque.ch\/de\/wp-json\/wp\/v2\/comments\/?post=1142"}],"version-history":[{"count":1,"href":"https:\/\/procirque.ch\/de\/wp-json\/wp\/v2\/posts\/1142\/revisions\/"}],"predecessor-version":[{"id":2192,"href":"https:\/\/procirque.ch\/de\/wp-json\/wp\/v2\/posts\/1142\/revisions\/2192\/"}],"wp:featuredmedia":[{"embeddable":true,"href":"https:\/\/procirque.ch\/de\/wp-json\/wp\/v2\/media\/1140\/"}],"wp:attachment":[{"href":"https:\/\/procirque.ch\/de\/wp-json\/wp\/v2\/media\/?parent=1142"}],"wp:term":[{"taxonomy":"category","embeddable":true,"href":"https:\/\/procirque.ch\/de\/wp-json\/wp\/v2\/categories\/?post=1142"},{"taxonomy":"post_tag","embeddable":true,"href":"https:\/\/procirque.ch\/de\/wp-json\/wp\/v2\/tags\/?post=1142"}],"curies":[{"name":"wp","href":"https:\/\/api.w.org\/{rel}","templated":true}]}}